{"id":12545,"date":"2025-08-12T10:03:05","date_gmt":"2025-08-12T08:03:05","guid":{"rendered":"https:\/\/www.smokingpaper.com\/?p=12545"},"modified":"2025-11-07T11:15:47","modified_gmt":"2025-11-07T10:15:47","slug":"que-le-pasa-a-la-torre-eiffel-en-verano","status":"publish","type":"post","link":"https:\/\/www.smokingpaper.com\/es\/que-le-pasa-a-la-torre-eiffel-en-verano\/","title":{"rendered":"\u00bfQu\u00e9 le pasa a la Torre Eiffel en verano?"},"content":{"rendered":"<p>La Torre Eiffel no solo es uno de los monumentos m\u00e1s emblem\u00e1ticos del mundo, tambi\u00e9n es un coloso de hierro que responde al clima como cualquier otro cuerpo f\u00edsico. Y s\u00ed, en verano&#8230; cambia. No hablamos de pintura nueva, ni de luces especiales (aunque tambi\u00e9n las tiene), sino de algo m\u00e1s curioso: crece. Como lo lees, con el calor, la torre se estira unos cent\u00edmetros.<\/p>\n<p>Este fen\u00f3meno, tan inesperado como real, convierte a la \u201cDama de Hierro\u201d en un ejemplo vivo de c\u00f3mo la ciencia y la ingenier\u00eda conviven con la belleza arquitect\u00f3nica. Cada verano, la estructura met\u00e1lica responde al aumento de temperatura expandi\u00e9ndose, como si respirara al ritmo del clima parisino. A primera vista puede parecer una an\u00e9cdota curiosa, pero detr\u00e1s hay f\u00edsica, historia e incluso consecuencias pr\u00e1cticas.<\/p>\n<p>\u00bfTe pica la curiosidad? Vamos a ver por qu\u00e9 ocurre esto, cu\u00e1nto llega a crecer y si supone alg\u00fan tipo de problema para el monumento m\u00e1s famoso de Francia.<\/p>\n<h2>\u00bfPor qu\u00e9 la Torre Eiffel cambia en verano?<\/h2>\n<p>Todo tiene que ver con un fen\u00f3meno f\u00edsico de lo m\u00e1s natural: la dilataci\u00f3n t\u00e9rmica. Los materiales, especialmente los metales como el hierro, tienden a expandirse cuando se calientan. En el caso de la Torre Eiffel, sus 7.300 toneladas de hierro se ven directamente afectadas por el aumento de temperatura durante los meses m\u00e1s calurosos.<\/p>\n<p>La estructura fue dise\u00f1ada en el siglo XIX sin aire acondicionado ni tecnolog\u00edas modernas de compensaci\u00f3n t\u00e9rmica. Sin embargo, su creador, Gustave Eiffel, ya sab\u00eda que esto pasar\u00eda. La torre no solo fue concebida para resistir el viento o la lluvia, tambi\u00e9n para tolerar esta expansi\u00f3n estacional sin que afecte su estabilidad.<\/p>\n<p>El sol act\u00faa como una fuente de calor constante sobre el hierro, que absorbe y distribuye ese calor por toda la estructura. Y aunque no lo veamos a simple vista, ese calor hace que los \u00e1tomos del material se \u201crelajen\u201d y ocupen m\u00e1s espacio, provocando un crecimiento visible en altura.<\/p>\n<h2>\u00bfCu\u00e1nto crece la Torre Eiffel con el calor?<\/h2>\n<p>La cifra var\u00eda dependiendo del calor que haga, pero en los d\u00edas m\u00e1s calurosos del verano parisino, la Torre Eiffel puede crecer entre 15 y 20 cent\u00edmetros. Este aumento es completamente reversible: cuando bajan las temperaturas, la torre vuelve a su altura habitual, como si nada hubiera pasado.<\/p>\n<p>Puede parecer poco para una estructura de m\u00e1s de 300 metros, pero visual\u00edzalo as\u00ed: es como si de repente le pusieran encima un par de pisos nuevos. Este cambio no ocurre de un segundo a otro, claro. Es progresivo, suave y casi imperceptible para quienes la visitan. Pero est\u00e1 medido, comprobado y monitorizado.<\/p>\n<p>Y no es solo una curiosidad para turistas o fans de la ciencia: los ingenieros encargados del mantenimiento tienen en cuenta este cambio estacional en sus revisiones y ajustes. Incluso algunas piezas m\u00f3viles de la torre est\u00e1n dise\u00f1adas para adaptarse a esa expansi\u00f3n sin generar tensiones innecesarias.<\/p>\n<h2>\u00bfQu\u00e9 provoca esta dilataci\u00f3n t\u00e9rmica?<\/h2>\n<p>La dilataci\u00f3n t\u00e9rmica se produce porque el hierro, al calentarse con el sol, expande sus part\u00edculas. A mayor temperatura, m\u00e1s se mueven esas part\u00edculas, y eso hace que el material \u201ccrezca\u201d. Como la Torre Eiffel est\u00e1 hecha casi totalmente de hierro, toda la estructura se ve afectada cuando suben las temperaturas.<\/p>\n<p>No es algo exclusivo de la torre: le pasa a puentes, v\u00edas de tren, y cualquier gran estructura met\u00e1lica. Pero en el caso de la Eiffel, su tama\u00f1o hace que ese efecto sea m\u00e1s evidente y, por qu\u00e9 no, m\u00e1s curioso.<\/p>\n<h2>\u00bfTiene consecuencias este cambio de altura?<\/h2>\n<p>A nivel estructural, no. La Torre Eiffel fue dise\u00f1ada para soportar estas expansiones sin problemas. El cambio de altura es tan gradual y previsto, que no afecta a su estabilidad ni a la seguridad de quienes la visitan.<\/p>\n<p>Lo que s\u00ed puede pasar es que algunos ascensores necesiten peque\u00f1os ajustes, o que los sensores t\u00e9rmicos del mantenimiento est\u00e9n m\u00e1s atentos. Pero todo est\u00e1 controlado. En resumen: la torre se adapta, como si tuviera su propio modo verano.<\/p>\n","protected":false},"excerpt":{"rendered":"<p>La Torre Eiffel no solo es uno de los monumentos m\u00e1s emblem\u00e1ticos del mundo, tambi\u00e9n es un coloso de hierro que responde al clima como cualquier otro cuerpo f\u00edsico. Y s\u00ed, en verano&#8230; cambia. No hablamos de pintura nueva, ni de luces especiales (aunque tambi\u00e9n las tiene), sino de algo m\u00e1s curioso: crece. Como lo [&hellip;]<\/p>\n","protected":false},"author":3,"featured_media":12546,"comment_status":"open","ping_status":"open","sticky":false,"template":"","format":"standard","meta":{"_acf_changed":false,"inline_featured_image":false,"footnotes":""},"categories":[667],"tags":[],"class_list":["post-12545","post","type-post","status-publish","format-standard","has-post-thumbnail","hentry","category-guias"],"acf":[],"yoast_head":"<!-- This site is optimized with the Yoast SEO plugin v26.2 - https:\/\/yoast.com\/wordpress\/plugins\/seo\/ -->\n<title>\u00bfQu\u00e9 le pasa a la Torre Eiffel en verano? | Smoking Paper<\/title>\n<meta name=\"description\" content=\"Descubre por qu\u00e9 la Torre Eiffel crece durante el verano y qu\u00e9 fen\u00f3menos f\u00edsicos lo explican. Un dato curioso que seguro no conoc\u00edas. \u00a1Sorpr\u00e9ndete!\" \/>\n<meta name=\"robots\" content=\"index, follow, max-snippet:-1, max-image-preview:large, max-video-preview:-1\" \/>\n<link rel=\"canonical\" href=\"https:\/\/www.smokingpaper.com\/es\/que-le-pasa-a-la-torre-eiffel-en-verano\/\" \/>\n<meta property=\"og:locale\" content=\"es_ES\" \/>\n<meta property=\"og:type\" content=\"article\" \/>\n<meta property=\"og:title\" content=\"\u00bfQu\u00e9 le pasa a la Torre Eiffel en verano? | Smoking Paper\" \/>\n<meta property=\"og:description\" content=\"Descubre por qu\u00e9 la Torre Eiffel crece durante el verano y qu\u00e9 fen\u00f3menos f\u00edsicos lo explican. Un dato curioso que seguro no conoc\u00edas. \u00a1Sorpr\u00e9ndete!\" \/>\n<meta property=\"og:url\" content=\"https:\/\/www.smokingpaper.com\/es\/que-le-pasa-a-la-torre-eiffel-en-verano\/\" \/>\n<meta property=\"og:site_name\" content=\"Smoking\" \/>\n<meta property=\"article:published_time\" content=\"2025-08-12T08:03:05+00:00\" \/>\n<meta property=\"article:modified_time\" content=\"2025-11-07T10:15:47+00:00\" \/>\n<meta property=\"og:image\" content=\"https:\/\/www.smokingpaper.com\/wp-content\/uploads\/2025\/08\/Que-le-pasa-a-la-Torre-Eiffel-en-verano.jpg\" \/>\n\t<meta property=\"og:image:width\" content=\"1200\" \/>\n\t<meta property=\"og:image:height\" content=\"800\" \/>\n\t<meta property=\"og:image:type\" content=\"image\/jpeg\" \/>\n<meta name=\"author\" content=\"Smoking\" \/>\n<meta name=\"twitter:card\" content=\"summary_large_image\" \/>\n<meta name=\"twitter:label1\" content=\"Escrito por\" \/>\n\t<meta name=\"twitter:data1\" content=\"Smoking\" \/>\n\t<meta name=\"twitter:label2\" content=\"Tiempo de lectura\" \/>\n\t<meta name=\"twitter:data2\" content=\"4 minuto\" \/>\n<!-- \/ Yoast SEO plugin. -->","yoast_head_json":{"title":"\u00bfQu\u00e9 le pasa a la Torre Eiffel en verano? | Smoking Paper","description":"Descubre por qu\u00e9 la Torre Eiffel crece durante el verano y qu\u00e9 fen\u00f3menos f\u00edsicos lo explican. Un dato curioso que seguro no conoc\u00edas. \u00a1Sorpr\u00e9ndete!","robots":{"index":"index","follow":"follow","max-snippet":"max-snippet:-1","max-image-preview":"max-image-preview:large","max-video-preview":"max-video-preview:-1"},"canonical":"https:\/\/www.smokingpaper.com\/es\/que-le-pasa-a-la-torre-eiffel-en-verano\/","og_locale":"es_ES","og_type":"article","og_title":"\u00bfQu\u00e9 le pasa a la Torre Eiffel en verano? | Smoking Paper","og_description":"Descubre por qu\u00e9 la Torre Eiffel crece durante el verano y qu\u00e9 fen\u00f3menos f\u00edsicos lo explican. Un dato curioso que seguro no conoc\u00edas. \u00a1Sorpr\u00e9ndete!","og_url":"https:\/\/www.smokingpaper.com\/es\/que-le-pasa-a-la-torre-eiffel-en-verano\/","og_site_name":"Smoking","article_published_time":"2025-08-12T08:03:05+00:00","article_modified_time":"2025-11-07T10:15:47+00:00","og_image":[{"width":1200,"height":800,"url":"https:\/\/www.smokingpaper.com\/wp-content\/uploads\/2025\/08\/Que-le-pasa-a-la-Torre-Eiffel-en-verano.jpg","type":"image\/jpeg"}],"author":"Smoking","twitter_card":"summary_large_image","twitter_misc":{"Escrito por":"Smoking","Tiempo de lectura":"4 minuto"},"schema":{"@context":"https:\/\/schema.org","@graph":[{"@type":"BreadcrumbList","@id":"https:\/\/www.smokingpaper.com\/es\/que-le-pasa-a-la-torre-eiffel-en-verano\/#breadcrumb","itemListElement":[{"@type":"ListItem","position":1,"name":"Home","item":"https:\/\/www.smokingpaper.com\/es\/"},{"@type":"ListItem","position":2,"name":"Gu\u00edas","item":"https:\/\/www.smokingpaper.com\/es\/category\/guias\/"},{"@type":"ListItem","position":3,"name":"\u00bfQu\u00e9 le pasa a la Torre Eiffel en verano?"}]}]}},"_links":{"self":[{"href":"https:\/\/www.smokingpaper.com\/es\/wp-json\/wp\/v2\/posts\/12545","targetHints":{"allow":["GET"]}}],"collection":[{"href":"https:\/\/www.smokingpaper.com\/es\/wp-json\/wp\/v2\/posts"}],"about":[{"href":"https:\/\/www.smokingpaper.com\/es\/wp-json\/wp\/v2\/types\/post"}],"author":[{"embeddable":true,"href":"https:\/\/www.smokingpaper.com\/es\/wp-json\/wp\/v2\/users\/3"}],"replies":[{"embeddable":true,"href":"https:\/\/www.smokingpaper.com\/es\/wp-json\/wp\/v2\/comments?post=12545"}],"version-history":[{"count":1,"href":"https:\/\/www.smokingpaper.com\/es\/wp-json\/wp\/v2\/posts\/12545\/revisions"}],"predecessor-version":[{"id":12549,"href":"https:\/\/www.smokingpaper.com\/es\/wp-json\/wp\/v2\/posts\/12545\/revisions\/12549"}],"wp:featuredmedia":[{"embeddable":true,"href":"https:\/\/www.smokingpaper.com\/es\/wp-json\/wp\/v2\/media\/12546"}],"wp:attachment":[{"href":"https:\/\/www.smokingpaper.com\/es\/wp-json\/wp\/v2\/media?parent=12545"}],"wp:term":[{"taxonomy":"category","embeddable":true,"href":"https:\/\/www.smokingpaper.com\/es\/wp-json\/wp\/v2\/categories?post=12545"},{"taxonomy":"post_tag","embeddable":true,"href":"https:\/\/www.smokingpaper.com\/es\/wp-json\/wp\/v2\/tags?post=12545"}],"curies":[{"name":"wp","href":"https:\/\/api.w.org\/{rel}","templated":true}]}}